{"id":47717,"date":"2026-03-03T13:38:17","date_gmt":"2026-03-03T19:38:17","guid":{"rendered":"https:\/\/testigoespectador.com.mx\/?p=47717"},"modified":"2026-03-04T07:44:31","modified_gmt":"2026-03-04T07:44:31","slug":"fortalece-monica-villarreal-anaya-gestion-de-infraestructura-y-con-la-proyeccion-turistica-de-tampico","status":"publish","type":"post","link":"https:\/\/testigoespectador.com.mx\/?p=47717","title":{"rendered":"Fortalece M\u00f3nica Villarreal Anaya gesti\u00f3n de infraestructura y con la proyecci\u00f3n tur\u00edstica de Tampico"},"content":{"rendered":"<div class=\"\" data-block=\"true\" data-editor=\"aj1eg\" data-offset-key=\"39i7s-0-0\">\n<div class=\"_1mf _1mj\" data-offset-key=\"39i7s-0-0\">TAMPICO, TAMAULIPAS. \u2013 Con el firme compromiso de impulsar proyectos que fortalezcan el desarrollo y mejoren la calidad de vida de las familias tampique\u00f1as, la Presidenta Municipal, M\u00f3nica Villarreal Anaya, particip\u00f3 este d\u00eda en la reuni\u00f3n convocada por el Gobernador del Estado, Am\u00e9rico Villarreal Anaya, en el Palacio de Gobierno de Ciudad Victoria, donde se present\u00f3 el Plan de Obra P\u00fablica 2026 ante las y los 43 alcaldes de Tamaulipas.<\/div>\n<\/div>\n<div class=\"\" data-block=\"true\" data-editor=\"aj1eg\" data-offset-key=\"ennn6-0-0\">\n<div class=\"_1mf _1mj\" data-offset-key=\"ennn6-0-0\"><span data-offset-key=\"ennn6-0-0\">\u00a0<\/span><\/div>\n<\/div>\n<div class=\"\" data-block=\"true\" data-editor=\"aj1eg\" data-offset-key=\"2cbdp-0-0\">\n<div class=\"_1mf _1mj\" data-offset-key=\"2cbdp-0-0\"><span data-offset-key=\"2cbdp-0-0\">En este encuentro, la alcaldesa reiter\u00f3 que Tampico acude con propuestas claras y proyectos estrat\u00e9gicos para fortalecer la infraestructura urbana y la conectividad regional, privilegiando el trabajo coordinado con el Gobierno del Estado.<\/span><\/div>\n<\/div>\n<div class=\"\" data-block=\"true\" data-editor=\"aj1eg\" data-offset-key=\"3dsbd-0-0\">\n<div class=\"_1mf _1mj\" data-offset-key=\"3dsbd-0-0\"><span data-offset-key=\"3dsbd-0-0\">\u00a0<\/span><\/div>\n<\/div>\n<div class=\"\" data-block=\"true\" data-editor=\"aj1eg\" data-offset-key=\"4dr6q-0-0\">\n<div class=\"_1mf _1mj\" data-offset-key=\"4dr6q-0-0\"><span data-offset-key=\"4dr6q-0-0\">\u201cVenimos preparados, con proyectos prioritarios que responden a lo que nos ha pedido la ciudadan\u00eda. Nuestro objetivo es que Tampico siga creciendo con obras que realmente impacten en la movilidad, en los servicios y en la calidad de vida de nuestras familias\u201d, expres\u00f3.<\/span><\/div>\n<\/div>\n<div class=\"\" data-block=\"true\" data-editor=\"aj1eg\" data-offset-key=\"dnk22-0-0\">\n<div class=\"_1mf _1mj\" data-offset-key=\"dnk22-0-0\"><span data-offset-key=\"dnk22-0-0\">\u00a0<\/span><\/div>\n<\/div>\n<div class=\"\" data-block=\"true\" data-editor=\"aj1eg\" data-offset-key=\"229ca-0-0\">\n<div class=\"_1mf _1mj\" data-offset-key=\"229ca-0-0\"><span data-offset-key=\"229ca-0-0\">Asimismo, destac\u00f3 que actualmente el Gobierno del Estado mantiene presencia activa en el municipio con diversas obras en ejecuci\u00f3n derivadas del ejercicio 2025, reflejo de una estrecha coordinaci\u00f3n institucional.<\/span><\/div>\n<\/div>\n<div class=\"\" data-block=\"true\" data-editor=\"aj1eg\" data-offset-key=\"27fg9-0-0\">\n<div class=\"_1mf _1mj\" data-offset-key=\"27fg9-0-0\"><span data-offset-key=\"27fg9-0-0\">\u00a0<\/span><\/div>\n<\/div>\n<div class=\"\" data-block=\"true\" data-editor=\"aj1eg\" data-offset-key=\"cs6cj-0-0\">\n<div class=\"_1mf _1mj\" data-offset-key=\"cs6cj-0-0\"><span data-offset-key=\"cs6cj-0-0\">\u201cHay una gran comunicaci\u00f3n con el Gobernador y una respuesta clara hacia Tampico. Hoy venimos a escuchar el Plan de Obra 2026 y a sumar esfuerzos para que nuestro municipio contin\u00fae avanzando\u201d, se\u00f1al\u00f3.<\/span><\/div>\n<\/div>\n<div class=\"\" data-block=\"true\" data-editor=\"aj1eg\" data-offset-key=\"btbcs-0-0\">\n<div class=\"_1mf _1mj\" data-offset-key=\"btbcs-0-0\"><span data-offset-key=\"btbcs-0-0\">\u00a0<\/span><\/div>\n<\/div>\n<div class=\"\" data-block=\"true\" data-editor=\"aj1eg\" data-offset-key=\"bhkbv-0-0\">\n<div class=\"_1mf _1mj\" data-offset-key=\"bhkbv-0-0\"><span data-offset-key=\"bhkbv-0-0\">Como parte de su agenda en la capital del estado, la Presidenta Municipal sostuvo adem\u00e1s una reuni\u00f3n privada con el mandatario estatal y el Secretario de Turismo, Benjam\u00edn Hern\u00e1ndez Rodr\u00edguez, para abordar el impulso tur\u00edstico de Tampico y su proyecci\u00f3n nacional e internacional.<\/span><\/div>\n<\/div>\n<div class=\"\" data-block=\"true\" data-editor=\"aj1eg\" data-offset-key=\"2ocbb-0-0\">\n<div class=\"_1mf _1mj\" data-offset-key=\"2ocbb-0-0\"><span data-offset-key=\"2ocbb-0-0\">\u00a0<\/span><\/div>\n<\/div>\n<div class=\"\" data-block=\"true\" data-editor=\"aj1eg\" data-offset-key=\"15rv0-0-0\">\n<div class=\"_1mf _1mj\" data-offset-key=\"15rv0-0-0\"><span data-offset-key=\"15rv0-0-0\">En este di\u00e1logo se destac\u00f3 el Premio Excelencias Tur\u00edsticas 2025, reconocimiento obtenido gracias a la primera edici\u00f3n del Jazz Internacional Tampico Fest 2025, evento que marc\u00f3 un precedente al posicionar a la ciudad en el escenario cultural y tur\u00edstico de talla nacional e internacional. Asimismo, el Gobernador del Estado expres\u00f3 su apoyo y respaldo para la realizaci\u00f3n de una segunda edici\u00f3n, con el objetivo de seguir consolidando a Tampico como referente cultural y tur\u00edstico.<\/span><\/div>\n<\/div>\n<div class=\"\" data-block=\"true\" data-editor=\"aj1eg\" data-offset-key=\"e1o9t-0-0\">\n<div class=\"_1mf _1mj\" data-offset-key=\"e1o9t-0-0\"><span data-offset-key=\"e1o9t-0-0\">\u00a0<\/span><\/div>\n<\/div>\n<div class=\"\" data-block=\"true\" data-editor=\"aj1eg\" data-offset-key=\"1q8vl-0-0\">\n<div class=\"_1mf _1mj\" data-offset-key=\"1q8vl-0-0\"><span data-offset-key=\"1q8vl-0-0\">\u201cEl Jazz Internacional Tampico Fest ha demostrado que cuando apostamos por la cultura y el turismo, ganamos todos. Este premio es un orgullo para nuestra ciudad y seguiremos trabajando para que Tampico contin\u00fae brillando\u201d, afirm\u00f3 la alcaldesa, reiterando su compromiso de fortalecer la infraestructura y el desarrollo tur\u00edstico del municipio.<\/span><\/div>\n<\/div>\n<div class=\"\" data-block=\"true\" data-editor=\"aj1eg\" data-offset-key=\"85erv-0-0\"><\/div>\n","protected":false},"excerpt":{"rendered":"<p>TAMPICO, TAMAULIPAS. \u2013 Con el firme compromiso de impulsar proyectos que fortalezcan el desarrollo y mejoren la calidad de vida de las familias tampique\u00f1as, la Presidenta Municipal, M\u00f3nica Villarreal Anaya,&hellip;<\/p>\n","protected":false},"author":1,"featured_media":47719,"comment_status":"open","ping_status":"closed","sticky":false,"template":"","format":"standard","meta":{"footnotes":""},"categories":[19],"tags":[],"class_list":["post-47717","post","type-post","status-publish","format-standard","has-post-thumbnail","hentry","category-zona-conurbada-del-sur"],"jetpack_featured_media_url":"https:\/\/testigoespectador.com.mx\/wp-content\/uploads\/2026\/03\/1-INFRAESTRUCTURA-1024x683-1.jpg","_links":{"self":[{"href":"https:\/\/testigoespectador.com.mx\/index.php?rest_route=\/wp\/v2\/posts\/47717","targetHints":{"allow":["GET"]}}],"collection":[{"href":"https:\/\/testigoespectador.com.mx\/index.php?rest_route=\/wp\/v2\/posts"}],"about":[{"href":"https:\/\/testigoespectador.com.mx\/index.php?rest_route=\/wp\/v2\/types\/post"}],"author":[{"embeddable":true,"href":"https:\/\/testigoespectador.com.mx\/index.php?rest_route=\/wp\/v2\/users\/1"}],"replies":[{"embeddable":true,"href":"https:\/\/testigoespectador.com.mx\/index.php?rest_route=%2Fwp%2Fv2%2Fcomments&post=47717"}],"version-history":[{"count":1,"href":"https:\/\/testigoespectador.com.mx\/index.php?rest_route=\/wp\/v2\/posts\/47717\/revisions"}],"predecessor-version":[{"id":47718,"href":"https:\/\/testigoespectador.com.mx\/index.php?rest_route=\/wp\/v2\/posts\/47717\/revisions\/47718"}],"wp:featuredmedia":[{"embeddable":true,"href":"https:\/\/testigoespectador.com.mx\/index.php?rest_route=\/wp\/v2\/media\/47719"}],"wp:attachment":[{"href":"https:\/\/testigoespectador.com.mx\/index.php?rest_route=%2Fwp%2Fv2%2Fmedia&parent=47717"}],"wp:term":[{"taxonomy":"category","embeddable":true,"href":"https:\/\/testigoespectador.com.mx\/index.php?rest_route=%2Fwp%2Fv2%2Fcategories&post=47717"},{"taxonomy":"post_tag","embeddable":true,"href":"https:\/\/testigoespectador.com.mx\/index.php?rest_route=%2Fwp%2Fv2%2Ftags&post=47717"}],"curies":[{"name":"wp","href":"https:\/\/api.w.org\/{rel}","templated":true}]}}